{"id":470,"date":"2021-06-23T17:22:27","date_gmt":"2021-06-23T15:22:27","guid":{"rendered":"https:\/\/initiative-wriezener-bahn.de\/?p=470"},"modified":"2023-06-23T16:11:10","modified_gmt":"2023-06-23T14:11:10","slug":"mitgliederversammlung-waehlt-neuen-vorstand","status":"publish","type":"post","link":"https:\/\/initiative-wriezener-bahn.de\/index.php\/mitgliederversammlung-waehlt-neuen-vorstand\/","title":{"rendered":"Mitgliederversammlung w\u00e4hlt neuen Vorstand"},"content":{"rendered":"\t\t<div data-elementor-type=\"wp-post\" data-elementor-id=\"470\" class=\"elementor elementor-470\">\n\t\t\t\t\t\t<section class=\"elementor-section elementor-top-section elementor-element elementor-element-db2663a elementor-section-boxed elementor-section-height-default elementor-section-height-default\" data-id=\"db2663a\" data-element_type=\"section\" data-e-type=\"section\">\n\t\t\t\t\t\t<div class=\"elementor-container elementor-column-gap-default\">\n\t\t\t\t\t<div class=\"elementor-column elementor-col-100 elementor-top-column elementor-element elementor-element-3faf978\" data-id=\"3faf978\" data-element_type=\"column\" data-e-type=\"column\">\n\t\t\t<div class=\"elementor-widget-wrap elementor-element-populated\">\n\t\t\t\t\t\t<div class=\"elementor-element elementor-element-0decf95 elementor-widget elementor-widget-image\" data-id=\"0decf95\" data-element_type=\"widget\" data-e-type=\"widget\" data-widget_type=\"image.default\">\n\t\t\t\t<div class=\"elementor-widget-container\">\n\t\t\t\t\t\t\t\t\t\t\t\t<figure class=\"wp-caption\">\n\t\t\t\t\t\t\t\t\t\t<img fetchpriority=\"high\" decoding=\"async\" width=\"750\" height=\"309\" src=\"https:\/\/initiative-wriezener-bahn.de\/wp-content\/uploads\/2021\/06\/Neuwahl_Vorstand_Web-1024x422.jpg\" class=\"attachment-large size-large wp-image-473\" alt=\"\" srcset=\"https:\/\/initiative-wriezener-bahn.de\/wp-content\/uploads\/2021\/06\/Neuwahl_Vorstand_Web-1024x422.jpg 1024w, https:\/\/initiative-wriezener-bahn.de\/wp-content\/uploads\/2021\/06\/Neuwahl_Vorstand_Web-300x124.jpg 300w, https:\/\/initiative-wriezener-bahn.de\/wp-content\/uploads\/2021\/06\/Neuwahl_Vorstand_Web-768x316.jpg 768w, https:\/\/initiative-wriezener-bahn.de\/wp-content\/uploads\/2021\/06\/Neuwahl_Vorstand_Web.jpg 1200w\" sizes=\"(max-width: 750px) 100vw, 750px\" \/>\t\t\t\t\t\t\t\t\t\t\t<figcaption class=\"widget-image-caption wp-caption-text\">Der neu gew\u00e4hlte Vorstand der Initiative Wriezener Bahn e.V. (v.l.n.r.): Lothar Kwapinski, Thomas Winkelkotte, Steffen Blunk, Torsten Kindler und Marion Jakob. Marion Jakob vertritt als 1. Beisitzerin die Gebietsk\u00f6rperschaften, die nun eine Machbarkeitsstudie finanzieren., die der Verein in Auftrag geben wird. Foto: Guido Noack<\/figcaption>\n\t\t\t\t\t\t\t\t\t\t<\/figure>\n\t\t\t\t\t\t\t\t\t<\/div>\n\t\t\t\t<\/div>\n\t\t\t\t\t<\/div>\n\t\t<\/div>\n\t\t\t\t\t<\/div>\n\t\t<\/section>\n\t\t\t\t<section class=\"elementor-section elementor-top-section elementor-element elementor-element-8c98c28 elementor-section-boxed elementor-section-height-default elementor-section-height-default\" data-id=\"8c98c28\" data-element_type=\"section\" data-e-type=\"section\">\n\t\t\t\t\t\t<div class=\"elementor-container elementor-column-gap-default\">\n\t\t\t\t\t<div class=\"elementor-column elementor-col-100 elementor-top-column elementor-element elementor-element-2d8475e\" data-id=\"2d8475e\" data-element_type=\"column\" data-e-type=\"column\">\n\t\t\t<div class=\"elementor-widget-wrap elementor-element-populated\">\n\t\t\t\t\t\t<div class=\"elementor-element elementor-element-f4de2fd elementor-widget elementor-widget-heading\" data-id=\"f4de2fd\" data-element_type=\"widget\" data-e-type=\"widget\" data-widget_type=\"heading.default\">\n\t\t\t\t<div class=\"elementor-widget-container\">\n\t\t\t\t\t<h2 class=\"elementor-heading-title elementor-size-default\">Machbarkeitsstudie n\u00e4chster gro\u00dfer Schritt \nauf dem Weg zur Bahnreaktivierung\n<\/h2>\t\t\t\t<\/div>\n\t\t\t\t<\/div>\n\t\t\t\t\t<\/div>\n\t\t<\/div>\n\t\t\t\t\t<\/div>\n\t\t<\/section>\n\t\t\t\t<section class=\"elementor-section elementor-top-section elementor-element elementor-element-babd1f4 elementor-section-boxed elementor-section-height-default elementor-section-height-default\" data-id=\"babd1f4\" data-element_type=\"section\" data-e-type=\"section\">\n\t\t\t\t\t\t<div class=\"elementor-container elementor-column-gap-default\">\n\t\t\t\t\t<div class=\"elementor-column elementor-col-100 elementor-top-column elementor-element elementor-element-d3e185c\" data-id=\"d3e185c\" data-element_type=\"column\" data-e-type=\"column\">\n\t\t\t<div class=\"elementor-widget-wrap elementor-element-populated\">\n\t\t\t\t\t\t<div class=\"elementor-element elementor-element-b653501 elementor-widget elementor-widget-heading\" data-id=\"b653501\" data-element_type=\"widget\" data-e-type=\"widget\" data-widget_type=\"heading.default\">\n\t\t\t\t<div class=\"elementor-widget-container\">\n\t\t\t\t\t<h4 class=\"elementor-heading-title elementor-size-default\">Initiative Wriezener Bahn e.V. w\u00e4hlt neuen Vorstand<\/h4>\t\t\t\t<\/div>\n\t\t\t\t<\/div>\n\t\t\t\t\t<\/div>\n\t\t<\/div>\n\t\t\t\t\t<\/div>\n\t\t<\/section>\n\t\t\t\t<section class=\"elementor-section elementor-top-section elementor-element elementor-element-0372f92 elementor-section-boxed elementor-section-height-default elementor-section-height-default\" data-id=\"0372f92\" data-element_type=\"section\" data-e-type=\"section\">\n\t\t\t\t\t\t<div class=\"elementor-container elementor-column-gap-default\">\n\t\t\t\t\t<div class=\"elementor-column elementor-col-100 elementor-top-column elementor-element elementor-element-d1fa1e3\" data-id=\"d1fa1e3\" data-element_type=\"column\" data-e-type=\"column\">\n\t\t\t<div class=\"elementor-widget-wrap elementor-element-populated\">\n\t\t\t\t\t\t<div class=\"elementor-element elementor-element-7cbe333 elementor-widget elementor-widget-text-editor\" data-id=\"7cbe333\" data-element_type=\"widget\" data-e-type=\"widget\" data-widget_type=\"text-editor.default\">\n\t\t\t\t<div class=\"elementor-widget-container\">\n\t\t\t\t\t\t\t\t\t<p><strong>Die Initiative Wriezener Bahn e.V. hat einen neuen Vorstand. Gew\u00e4hlt wurde er am Freitag, den 18.6., auf der Mitgliederversammlung des Vereins. Das Team um den wiedergew\u00e4hlten Vorsitzenden Steffen Blunk ist nicht nur neu, sondern wurde auch um zwei K\u00f6pfe verst\u00e4rkt. Die Gebietsk\u00f6rperschaften, die Mitglied im Verein und dar\u00fcber hinaus Finanziers der Machbarkeitsstudie sind, erhalten jetzt direkten Einfluss auf und Kontrolle der Vorstandsarbeit.<\/strong><\/p><p>F\u00fcnf Personen umfasst der neu gew\u00e4hlte Vorstand von nun an: Neben Blunk wurden der Bauunternehmer Torsten Kindler aus Schulzendorf sowie Thomas Winkelkotte aus Reichenow-M\u00f6glin als 1. Und 2. Stellvertreter gew\u00e4hlt. Letzterer besch\u00e4ftigt sich seit vielen Jahren mit Fragen der Mobilit\u00e4t im l\u00e4ndlichen Raum. Als 1. Beisitzerin wurde Wriezens stellvertretende B\u00fcrgermeisterin Marion Jacob gew\u00e4hlt, als 2. Beisitzer Lothar Kwapinksi, der als Inhaber eines Gleisbauunternehmens seine fachliche Kompetenz in den Verein einbringen m\u00f6chte.<\/p><p>\u201eVon Anfang an war es unser Ziel, dass die St\u00e4dte, \u00c4mter und Gemeinden aktiv im Vorstand unserer Initiative mitarbeiten. Das haben wir mit Wriezens stellvertretender B\u00fcrgermeisterin Marion Jacob als Vertreterin der Gebietsk\u00f6rperschaften erreicht\u201c, freute sich Vereinsvorsitzender Steffen Blunk am Ende der Sitzung. Durch Lothar Kwapinski habe man nun einen direkten Ansprechpartner, wenn es um technische Fragen der Reaktivierung gehe. Mit Thomas Winkelkotte k\u00f6nne man ein weiteres Vereinsziel gut im Auge behalten: \u201eWir haben laut Satzung nicht nur die Bahnreaktivierung als Ziel, sondern wollen uns dar\u00fcber hinaus auch der Frage widmen, wie D\u00f6rfer wieder besser vernetzen und Menschen zu den Bahnh\u00f6fen entlang der Strecke bringen k\u00f6nnen\u201c, so der Vorsitzende.<\/p><p>In seinem Bericht zur Vorstandsarbeit hatte Blunk auch das b\u00fcrgerschaftliche Engagement von Lea und Hanna Behring gew\u00fcrdigt, auf deren Initiative hin 2000 Unterschriften an den Petitionsausschuss des Landtages \u00fcbergeben werden konnten. Diese Petitions\u00fcbergabe habe eine ungew\u00f6hnlich hohe Aufmerksamkeit bei fast allen Fraktionen des Landtages erzeugt, so Blunk. Diese Aufmerksamkeit m\u00fcsse nun genutzt werden, um den n\u00e4chsten wichtigen Schritt zu gehen: Im Auftrag der St\u00e4dte Wriezen, Werneuchen, Ahrensfelde und Bad Freienwalde, der \u00c4mter Falkenberg-H\u00f6he und Barnim-Oderbruch sowie der Amtsgemeinden werde der Verein nun eine eigene Machbarkeitsstudie veranlassen. Angebote l\u00e4gen vor und m\u00fcssten auf Herz und Nieren gepr\u00fcft werden. Steffen Blunk: \u201eAlle erfolgreichen Reaktivierungsbem\u00fchungen in Deutschland basierten auf Machbarkeitsstudien, die die betroffenen Gebietsk\u00f6rperschaften selbst initiiert haben. Deshalb empfehlen uns sowohl Allianz pro Schiene, als auch Verkehrspolitiker des Bundestages diesen n\u00e4chste Schritt \u2013 und zwar unabh\u00e4ngig davon, was das Infrastrukturministerium in Potsdam momentan dazu sagt.\u201c Die Wichtigkeit dieses Schrittes betonte auch Guido Noack, Verkehrsreferent der IHK Ostbrandenburg, die ebenfalls Mitglied des Vereins ist: \u201eSie sind da aus unserer Sicht auf dem richtigen Weg.\u201c<\/p>\t\t\t\t\t\t\t\t<\/div>\n\t\t\t\t<\/div>\n\t\t\t\t\t<\/div>\n\t\t<\/div>\n\t\t\t\t\t<\/div>\n\t\t<\/section>\n\t\t\t\t<\/div>\n\t\t","protected":false},"excerpt":{"rendered":"<p>Die Initiative Wriezener Bahn e.V. hat einen neuen Vorstand. Gew\u00e4hlt wurde er am Freitag, den 18.6., auf der Mitgliederversammlung. Das Team um den wiedergew\u00e4hlten Vorsitzenden Steffen Blunk hat nicht nur gewechselt, es wurde auch um zwei K\u00f6pfe verst\u00e4rkt. <\/p>\n","protected":false},"author":1,"featured_media":473,"comment_status":"closed","ping_status":"open","sticky":false,"template":"","format":"standard","meta":{"_jetpack_memberships_contains_paid_content":false,"footnotes":""},"categories":[1],"tags":[],"class_list":["post-470","post","type-post","status-publish","format-standard","has-post-thumbnail","hentry","category-allgemein"],"jetpack_featured_media_url":"https:\/\/initiative-wriezener-bahn.de\/wp-content\/uploads\/2021\/06\/Neuwahl_Vorstand_Web.jpg","jetpack_sharing_enabled":true,"_links":{"self":[{"href":"https:\/\/initiative-wriezener-bahn.de\/index.php\/wp-json\/wp\/v2\/posts\/470","targetHints":{"allow":["GET"]}}],"collection":[{"href":"https:\/\/initiative-wriezener-bahn.de\/index.php\/wp-json\/wp\/v2\/posts"}],"about":[{"href":"https:\/\/initiative-wriezener-bahn.de\/index.php\/wp-json\/wp\/v2\/types\/post"}],"author":[{"embeddable":true,"href":"https:\/\/initiative-wriezener-bahn.de\/index.php\/wp-json\/wp\/v2\/users\/1"}],"replies":[{"embeddable":true,"href":"https:\/\/initiative-wriezener-bahn.de\/index.php\/wp-json\/wp\/v2\/comments?post=470"}],"version-history":[{"count":7,"href":"https:\/\/initiative-wriezener-bahn.de\/index.php\/wp-json\/wp\/v2\/posts\/470\/revisions"}],"predecessor-version":[{"id":756,"href":"https:\/\/initiative-wriezener-bahn.de\/index.php\/wp-json\/wp\/v2\/posts\/470\/revisions\/756"}],"wp:featuredmedia":[{"embeddable":true,"href":"https:\/\/initiative-wriezener-bahn.de\/index.php\/wp-json\/wp\/v2\/media\/473"}],"wp:attachment":[{"href":"https:\/\/initiative-wriezener-bahn.de\/index.php\/wp-json\/wp\/v2\/media?parent=470"}],"wp:term":[{"taxonomy":"category","embeddable":true,"href":"https:\/\/initiative-wriezener-bahn.de\/index.php\/wp-json\/wp\/v2\/categories?post=470"},{"taxonomy":"post_tag","embeddable":true,"href":"https:\/\/initiative-wriezener-bahn.de\/index.php\/wp-json\/wp\/v2\/tags?post=470"}],"curies":[{"name":"wp","href":"https:\/\/api.w.org\/{rel}","templated":true}]}}